{"id":1088,"date":"2016-01-15T18:30:00","date_gmt":"2016-01-15T18:30:00","guid":{"rendered":"https:\/\/www.schaefli.juno.preview-ch-dns.net\/?p=1088"},"modified":"2020-10-14T15:31:03","modified_gmt":"2020-10-14T13:31:03","slug":"srf-bi-de-luet","status":"publish","type":"post","link":"https:\/\/schaefli.ch\/en\/srf-bi-de-luet\/","title":{"rendered":"SRF bi de L\u00fct"},"content":{"rendered":"<h4 class=\"wp-block-heading\">Family J\u00f6rgensen at \"SRF bi de L\u00fct \u2013 Familiensache\"<\/h4>\n\n\n\n<p class=\"wp-block-paragraph\">From January 8, the J\u00f6rgensen family can be seen on Swiss television every Friday at 8:05 pm. We had the pleasure to support you in your move back to Switzerland. We can be seen in the broadcast of 22 January.&nbsp;<\/p>\n\n\n\n<p class=\"wp-block-paragraph\"><a rel=\"noreferrer noopener\" aria-label=\"Hier finden Sie weitere Informationen zur Serie (\u00f6ffnet in neuem Tab)\" class=\"rank-math-link\" href=\"https:\/\/www.srf.ch\/play\/tv\/sendung\/familiensache?id=fa1fbfb9-7bd1-4c42-9fde-e7c693099c93&amp;srg_shorturl_source=familiensache\" target=\"_blank\">Here you can find more information about the series<\/a> <\/p>","protected":false},"excerpt":{"rendered":"<p>Familie J\u00f6rgensen bei \u00abSRF bi de L\u00fct \u2013 Familiensache\u00bb Ab dem 8. Januar ist jeweils freitags um 20:05 Uhr Familie J\u00f6rgensen im Schweizer Fernsehen zu sehen. Wir durften Sie bei Ihrem Umzug zur\u00fcck in die Schweiz unterst\u00fctzen. In der Ausstrahlung vom 22. Januar sind wir zu sehen.&nbsp; Hier finden Sie weitere Informationen zur Serie<\/p>","protected":false},"author":3,"featured_media":1353,"comment_status":"open","ping_status":"open","sticky":false,"template":"","format":"standard","meta":{"footnotes":""},"categories":[10],"tags":[],"class_list":["post-1088","post","type-post","status-publish","format-standard","has-post-thumbnail","hentry","category-umzugsblog"],"_links":{"self":[{"href":"https:\/\/schaefli.ch\/en\/wp-json\/wp\/v2\/posts\/1088","targetHints":{"allow":["GET"]}}],"collection":[{"href":"https:\/\/schaefli.ch\/en\/wp-json\/wp\/v2\/posts"}],"about":[{"href":"https:\/\/schaefli.ch\/en\/wp-json\/wp\/v2\/types\/post"}],"author":[{"embeddable":true,"href":"https:\/\/schaefli.ch\/en\/wp-json\/wp\/v2\/users\/3"}],"replies":[{"embeddable":true,"href":"https:\/\/schaefli.ch\/en\/wp-json\/wp\/v2\/comments?post=1088"}],"version-history":[{"count":5,"href":"https:\/\/schaefli.ch\/en\/wp-json\/wp\/v2\/posts\/1088\/revisions"}],"predecessor-version":[{"id":1841,"href":"https:\/\/schaefli.ch\/en\/wp-json\/wp\/v2\/posts\/1088\/revisions\/1841"}],"wp:featuredmedia":[{"embeddable":true,"href":"https:\/\/schaefli.ch\/en\/wp-json\/wp\/v2\/media\/1353"}],"wp:attachment":[{"href":"https:\/\/schaefli.ch\/en\/wp-json\/wp\/v2\/media?parent=1088"}],"wp:term":[{"taxonomy":"category","embeddable":true,"href":"https:\/\/schaefli.ch\/en\/wp-json\/wp\/v2\/categories?post=1088"},{"taxonomy":"post_tag","embeddable":true,"href":"https:\/\/schaefli.ch\/en\/wp-json\/wp\/v2\/tags?post=1088"}],"curies":[{"name":"wp","href":"https:\/\/api.w.org\/{rel}","templated":true}]}}