{"id":1101,"date":"2019-08-01T18:47:00","date_gmt":"2019-08-01T18:47:00","guid":{"rendered":"https:\/\/www.schaefli.juno.preview-ch-dns.net\/?p=1101"},"modified":"2020-10-14T15:31:29","modified_gmt":"2020-10-14T13:31:29","slug":"sommerfest-2019%e2%80%a8","status":"publish","type":"post","link":"https:\/\/schaefli.ch\/en\/sommerfest-2019%e2%80%a8\/","title":{"rendered":"Summer party 2019"},"content":{"rendered":"<p class=\"wp-block-paragraph\">Under the trees, directly in front of the company Sch\u00e4fli Transport AG, our summer party took place on 16 August 2019. For this purpose the place was covered with new wood chips and a fireplace was built. In good weather and in the best of moods we were spoiled by the catering \"Party Vogel\" with delicious barbecue skewers and various side dishes. With full bellies we let the Friday evening end at the fire. Thanks to all who helped with the organisation. It was a very nice evening!<\/p>\n\n\n\n<figure class=\"wp-block-gallery columns-3 is-cropped wp-block-gallery-1 is-layout-flex wp-block-gallery-is-layout-flex\"><ul class=\"blocks-gallery-grid\"><li class=\"blocks-gallery-item\"><figure><a href=\"https:\/\/www.schaefli.ch\/wp-content\/uploads\/2019\/08\/Schaefli_AG_Sommerfest_05.jpg\"><img fetchpriority=\"high\" decoding=\"async\" width=\"1024\" height=\"768\" src=\"https:\/\/www.schaefli.ch\/wp-content\/uploads\/2019\/08\/Schaefli_AG_Sommerfest_05-1024x768.jpg\" alt=\"\" data-id=\"1656\" data-full-url=\"https:\/\/www.schaefli.ch\/wp-content\/uploads\/2019\/08\/Schaefli_AG_Sommerfest_05.jpg\" data-link=\"https:\/\/www.schaefli.ch\/sommerfest-2019%e2%80%a8\/schaefli_ag_sommerfest_05\/\" class=\"wp-image-1656\" srcset=\"https:\/\/schaefli.ch\/wp-content\/uploads\/2019\/08\/Schaefli_AG_Sommerfest_05-1024x768.jpg 1024w, https:\/\/schaefli.ch\/wp-content\/uploads\/2019\/08\/Schaefli_AG_Sommerfest_05-300x225.jpg 300w, https:\/\/schaefli.ch\/wp-content\/uploads\/2019\/08\/Schaefli_AG_Sommerfest_05-768x576.jpg 768w, https:\/\/schaefli.ch\/wp-content\/uploads\/2019\/08\/Schaefli_AG_Sommerfest_05-1536x1152.jpg 1536w, https:\/\/schaefli.ch\/wp-content\/uploads\/2019\/08\/Schaefli_AG_Sommerfest_05.jpg 1920w\" sizes=\"(max-width: 1024px) 100vw, 1024px\" \/><\/a><\/figure><\/li><li class=\"blocks-gallery-item\"><figure><a href=\"https:\/\/www.schaefli.ch\/wp-content\/uploads\/2019\/08\/Schaefli_AG_Sommerfest_04.jpg\"><img decoding=\"async\" width=\"768\" height=\"1024\" src=\"https:\/\/www.schaefli.ch\/wp-content\/uploads\/2019\/08\/Schaefli_AG_Sommerfest_04-768x1024.jpg\" alt=\"\" data-id=\"1657\" data-full-url=\"https:\/\/www.schaefli.ch\/wp-content\/uploads\/2019\/08\/Schaefli_AG_Sommerfest_04.jpg\" data-link=\"https:\/\/www.schaefli.ch\/sommerfest-2019%e2%80%a8\/schaefli_ag_sommerfest_04\/\" class=\"wp-image-1657\" srcset=\"https:\/\/schaefli.ch\/wp-content\/uploads\/2019\/08\/Schaefli_AG_Sommerfest_04-768x1024.jpg 768w, https:\/\/schaefli.ch\/wp-content\/uploads\/2019\/08\/Schaefli_AG_Sommerfest_04-225x300.jpg 225w, https:\/\/schaefli.ch\/wp-content\/uploads\/2019\/08\/Schaefli_AG_Sommerfest_04-1152x1536.jpg 1152w, https:\/\/schaefli.ch\/wp-content\/uploads\/2019\/08\/Schaefli_AG_Sommerfest_04.jpg 1440w\" sizes=\"(max-width: 768px) 100vw, 768px\" \/><\/a><\/figure><\/li><li class=\"blocks-gallery-item\"><figure><a href=\"https:\/\/www.schaefli.ch\/wp-content\/uploads\/2019\/08\/Schaefli_AG_Sommerfest_01.jpg\"><img decoding=\"async\" width=\"768\" height=\"1024\" src=\"https:\/\/www.schaefli.ch\/wp-content\/uploads\/2019\/08\/Schaefli_AG_Sommerfest_01-768x1024.jpg\" alt=\"\" data-id=\"1658\" data-full-url=\"https:\/\/www.schaefli.ch\/wp-content\/uploads\/2019\/08\/Schaefli_AG_Sommerfest_01.jpg\" data-link=\"https:\/\/www.schaefli.ch\/sommerfest-2019%e2%80%a8\/schaefli_ag_sommerfest_01\/\" class=\"wp-image-1658\" srcset=\"https:\/\/schaefli.ch\/wp-content\/uploads\/2019\/08\/Schaefli_AG_Sommerfest_01-768x1024.jpg 768w, https:\/\/schaefli.ch\/wp-content\/uploads\/2019\/08\/Schaefli_AG_Sommerfest_01-225x300.jpg 225w, https:\/\/schaefli.ch\/wp-content\/uploads\/2019\/08\/Schaefli_AG_Sommerfest_01-1152x1536.jpg 1152w, https:\/\/schaefli.ch\/wp-content\/uploads\/2019\/08\/Schaefli_AG_Sommerfest_01.jpg 1440w\" sizes=\"(max-width: 768px) 100vw, 768px\" \/><\/a><\/figure><\/li><li class=\"blocks-gallery-item\"><figure><a href=\"https:\/\/www.schaefli.ch\/wp-content\/uploads\/2019\/08\/Schaefli_AG_Sommerfest_02.jpg\"><img loading=\"lazy\" decoding=\"async\" width=\"768\" height=\"1024\" src=\"https:\/\/www.schaefli.ch\/wp-content\/uploads\/2019\/08\/Schaefli_AG_Sommerfest_02-768x1024.jpg\" alt=\"\" data-id=\"1659\" data-full-url=\"https:\/\/www.schaefli.ch\/wp-content\/uploads\/2019\/08\/Schaefli_AG_Sommerfest_02.jpg\" data-link=\"https:\/\/www.schaefli.ch\/sommerfest-2019%e2%80%a8\/schaefli_ag_sommerfest_02\/\" class=\"wp-image-1659\" srcset=\"https:\/\/schaefli.ch\/wp-content\/uploads\/2019\/08\/Schaefli_AG_Sommerfest_02-768x1024.jpg 768w, https:\/\/schaefli.ch\/wp-content\/uploads\/2019\/08\/Schaefli_AG_Sommerfest_02-225x300.jpg 225w, https:\/\/schaefli.ch\/wp-content\/uploads\/2019\/08\/Schaefli_AG_Sommerfest_02-1152x1536.jpg 1152w, https:\/\/schaefli.ch\/wp-content\/uploads\/2019\/08\/Schaefli_AG_Sommerfest_02.jpg 1440w\" sizes=\"(max-width: 768px) 100vw, 768px\" \/><\/a><\/figure><\/li><li class=\"blocks-gallery-item\"><figure><a href=\"https:\/\/www.schaefli.ch\/wp-content\/uploads\/2019\/08\/Schaefli_AG_Sommerfest_03.jpg\"><img loading=\"lazy\" decoding=\"async\" width=\"768\" height=\"1024\" src=\"https:\/\/www.schaefli.ch\/wp-content\/uploads\/2019\/08\/Schaefli_AG_Sommerfest_03-768x1024.jpg\" alt=\"\" data-id=\"1660\" data-full-url=\"https:\/\/www.schaefli.ch\/wp-content\/uploads\/2019\/08\/Schaefli_AG_Sommerfest_03.jpg\" data-link=\"https:\/\/www.schaefli.ch\/sommerfest-2019%e2%80%a8\/schaefli_ag_sommerfest_03\/\" class=\"wp-image-1660\" srcset=\"https:\/\/schaefli.ch\/wp-content\/uploads\/2019\/08\/Schaefli_AG_Sommerfest_03-768x1024.jpg 768w, https:\/\/schaefli.ch\/wp-content\/uploads\/2019\/08\/Schaefli_AG_Sommerfest_03-225x300.jpg 225w, https:\/\/schaefli.ch\/wp-content\/uploads\/2019\/08\/Schaefli_AG_Sommerfest_03-1152x1536.jpg 1152w, https:\/\/schaefli.ch\/wp-content\/uploads\/2019\/08\/Schaefli_AG_Sommerfest_03.jpg 1440w\" sizes=\"(max-width: 768px) 100vw, 768px\" \/><\/a><\/figure><\/li><\/ul><\/figure>\n\n\n\n<div class=\"wp-block-file\"><a href=\"https:\/\/www.schaefli.ch\/wp-content\/uploads\/2020\/09\/Sommerfest-2019.pdf\">Gallery summer party 2019<\/a><a href=\"https:\/\/www.schaefli.ch\/wp-content\/uploads\/2020\/09\/Sommerfest-2019.pdf\" class=\"wp-block-file__button\" download>Download<\/a><\/div>","protected":false},"excerpt":{"rendered":"<p>Unter den B\u00e4umen, direkt vor der Firma Sch\u00e4fli AG fand am 16. August 2019 unser Sommerfest statt.&nbsp;Daf\u00fcr wurde der Platz mit neuen Holzsp\u00e4nen eingedeckt und eine Feuerstelle errichtet. Bei gutem Wetter und bester Laune wurden wir vom Catering &#8222;Partvogel&#8220; mit leckeren Grillspiessen und verschiedenen Beilagen verw\u00f6hnt. Mit vollen B\u00e4uchen liessen wir den Freitagabend am Feuer [&hellip;]<\/p>\n","protected":false},"author":3,"featured_media":1631,"comment_status":"open","ping_status":"open","sticky":false,"template":"","format":"standard","meta":{"footnotes":""},"categories":[9],"tags":[],"class_list":["post-1101","post","type-post","status-publish","format-standard","has-post-thumbnail","hentry","category-new"],"_links":{"self":[{"href":"https:\/\/schaefli.ch\/en\/wp-json\/wp\/v2\/posts\/1101","targetHints":{"allow":["GET"]}}],"collection":[{"href":"https:\/\/schaefli.ch\/en\/wp-json\/wp\/v2\/posts"}],"about":[{"href":"https:\/\/schaefli.ch\/en\/wp-json\/wp\/v2\/types\/post"}],"author":[{"embeddable":true,"href":"https:\/\/schaefli.ch\/en\/wp-json\/wp\/v2\/users\/3"}],"replies":[{"embeddable":true,"href":"https:\/\/schaefli.ch\/en\/wp-json\/wp\/v2\/comments?post=1101"}],"version-history":[{"count":6,"href":"https:\/\/schaefli.ch\/en\/wp-json\/wp\/v2\/posts\/1101\/revisions"}],"predecessor-version":[{"id":1664,"href":"https:\/\/schaefli.ch\/en\/wp-json\/wp\/v2\/posts\/1101\/revisions\/1664"}],"wp:featuredmedia":[{"embeddable":true,"href":"https:\/\/schaefli.ch\/en\/wp-json\/wp\/v2\/media\/1631"}],"wp:attachment":[{"href":"https:\/\/schaefli.ch\/en\/wp-json\/wp\/v2\/media?parent=1101"}],"wp:term":[{"taxonomy":"category","embeddable":true,"href":"https:\/\/schaefli.ch\/en\/wp-json\/wp\/v2\/categories?post=1101"},{"taxonomy":"post_tag","embeddable":true,"href":"https:\/\/schaefli.ch\/en\/wp-json\/wp\/v2\/tags?post=1101"}],"curies":[{"name":"wp","href":"https:\/\/api.w.org\/{rel}","templated":true}]}}