{"id":1112,"date":"2019-04-09T18:49:00","date_gmt":"2019-04-09T18:49:00","guid":{"rendered":"https:\/\/www.schaefli.juno.preview-ch-dns.net\/?p=1112"},"modified":"2020-10-14T15:31:22","modified_gmt":"2020-10-14T13:31:22","slug":"rennstrecke%e2%80%a8","status":"publish","type":"post","link":"https:\/\/schaefli.ch\/en\/rennstrecke%e2%80%a8\/","title":{"rendered":"Race track"},"content":{"rendered":"<p class=\"wp-block-paragraph\">Keeping the rest periods of our drivers is very important to us, especially during the longer tours in Spain which take place at least once a month. Now it happened that our esteemed managing director Viktor H\u00fcmbeli took his break in such a way that he could visit the motorcycle race Superbike WSBK. He parked properly without any ulterior motives and was looking forward to the spectacle. As chance would have it, we, the employees in Switzerland, watched the live broadcast from home with thousands of spectators. Alvaro Bautista on his Ducati and our truck in the background.<\/p>\n\n\n\n<figure class=\"wp-block-gallery columns-1 is-cropped wp-block-gallery-1 is-layout-flex wp-block-gallery-is-layout-flex\"><ul class=\"blocks-gallery-grid\"><li class=\"blocks-gallery-item\"><figure><img fetchpriority=\"high\" decoding=\"async\" width=\"333\" height=\"250\" src=\"https:\/\/www.schaefli.ch\/wp-content\/uploads\/2020\/07\/Rennstrecke.jpg\" alt=\"\" data-id=\"1113\" data-full-url=\"https:\/\/www.schaefli.ch\/wp-content\/uploads\/2020\/07\/Rennstrecke.jpg\" data-link=\"https:\/\/www.schaefli.ch\/?attachment_id=1113\" class=\"wp-image-1113\" srcset=\"https:\/\/schaefli.ch\/wp-content\/uploads\/2020\/07\/Rennstrecke.jpg 333w, https:\/\/schaefli.ch\/wp-content\/uploads\/2020\/07\/Rennstrecke-300x225.jpg 300w\" sizes=\"(max-width: 333px) 100vw, 333px\" \/><\/figure><\/li><\/ul><\/figure>","protected":false},"excerpt":{"rendered":"<p>Einhaltung der Ruhezeiten unserer Fahrer liegt uns sehr am Herzen, vor allem auch w\u00e4hrend den l\u00e4ngeren mindestens einmal im Monat stattfindenden Spanientouren. Nun ist es vorgekommen das unser gesch\u00e4tzter Gesch\u00e4ftsf\u00fchrer Viktor H\u00fcmbeli seine Pause so legte, dass er das Motorradrennen Superbike WSBK besuchen konnte. Er parkierte ordnungsgem\u00e4ss ohne Hintergedanken und freute sich auf das Spektakel. [&hellip;]<\/p>\n","protected":false},"author":3,"featured_media":1113,"comment_status":"open","ping_status":"open","sticky":false,"template":"","format":"standard","meta":{"footnotes":""},"categories":[9],"tags":[],"class_list":["post-1112","post","type-post","status-publish","format-standard","has-post-thumbnail","hentry","category-new"],"_links":{"self":[{"href":"https:\/\/schaefli.ch\/en\/wp-json\/wp\/v2\/posts\/1112","targetHints":{"allow":["GET"]}}],"collection":[{"href":"https:\/\/schaefli.ch\/en\/wp-json\/wp\/v2\/posts"}],"about":[{"href":"https:\/\/schaefli.ch\/en\/wp-json\/wp\/v2\/types\/post"}],"author":[{"embeddable":true,"href":"https:\/\/schaefli.ch\/en\/wp-json\/wp\/v2\/users\/3"}],"replies":[{"embeddable":true,"href":"https:\/\/schaefli.ch\/en\/wp-json\/wp\/v2\/comments?post=1112"}],"version-history":[{"count":2,"href":"https:\/\/schaefli.ch\/en\/wp-json\/wp\/v2\/posts\/1112\/revisions"}],"predecessor-version":[{"id":1280,"href":"https:\/\/schaefli.ch\/en\/wp-json\/wp\/v2\/posts\/1112\/revisions\/1280"}],"wp:featuredmedia":[{"embeddable":true,"href":"https:\/\/schaefli.ch\/en\/wp-json\/wp\/v2\/media\/1113"}],"wp:attachment":[{"href":"https:\/\/schaefli.ch\/en\/wp-json\/wp\/v2\/media?parent=1112"}],"wp:term":[{"taxonomy":"category","embeddable":true,"href":"https:\/\/schaefli.ch\/en\/wp-json\/wp\/v2\/categories?post=1112"},{"taxonomy":"post_tag","embeddable":true,"href":"https:\/\/schaefli.ch\/en\/wp-json\/wp\/v2\/tags?post=1112"}],"curies":[{"name":"wp","href":"https:\/\/api.w.org\/{rel}","templated":true}]}}