{"id":1896,"date":"2015-05-01T06:00:00","date_gmt":"2015-05-01T04:00:00","guid":{"rendered":"https:\/\/schaefli.ch\/?p=1896"},"modified":"2020-10-20T13:56:29","modified_gmt":"2020-10-20T11:56:29","slug":"wirtschaftswoche","status":"publish","type":"post","link":"https:\/\/schaefli.ch\/en\/wirtschaftswoche\/","title":{"rendered":"Economy week"},"content":{"rendered":"<p class=\"wp-block-paragraph\">Company owner Beatrice Sch\u00e4fli explains the moving business to the participants of the economy week.<br> The economy week at the Kantonsschule Schaffhausen not only turned the participants into company managers for one week, but also confronted them with the real working world in four local companies. Click here for the article in the Schaffhauser Nachrichten.<\/p>\n\n\n\n<div class=\"wp-block-file\"><a href=\"https:\/\/schaefli.ch\/wp-content\/uploads\/2020\/10\/Wirtschaftswoche-Artikel.pdf\">Economy week article<\/a><a href=\"https:\/\/schaefli.ch\/wp-content\/uploads\/2020\/10\/Wirtschaftswoche-Artikel.pdf\" class=\"wp-block-file__button\" download>Download<\/a><\/div>","protected":false},"excerpt":{"rendered":"<p>Firmeninhaberin Beatrice Sch\u00e4fli erl\u00e4utert den Teilnehmern der Wirtschaftswoche das Umzugsgesch\u00e4ft. Die Wirtschaftswoche der Kantonsschule Schaffhausen machte die Teilnehmer nicht nur eine Woche lang zu Firmenlenkern, sondern konfrontierte sie auch mit der realen Arbeitswelt in vier lokalen Unternehmen. Hier geht\u2019s zum Artikel der Schaffhauser Nachrichten:<\/p>","protected":false},"author":3,"featured_media":1897,"comment_status":"open","ping_status":"open","sticky":false,"template":"","format":"standard","meta":{"footnotes":""},"categories":[9],"tags":[],"class_list":["post-1896","post","type-post","status-publish","format-standard","has-post-thumbnail","hentry","category-new"],"_links":{"self":[{"href":"https:\/\/schaefli.ch\/en\/wp-json\/wp\/v2\/posts\/1896","targetHints":{"allow":["GET"]}}],"collection":[{"href":"https:\/\/schaefli.ch\/en\/wp-json\/wp\/v2\/posts"}],"about":[{"href":"https:\/\/schaefli.ch\/en\/wp-json\/wp\/v2\/types\/post"}],"author":[{"embeddable":true,"href":"https:\/\/schaefli.ch\/en\/wp-json\/wp\/v2\/users\/3"}],"replies":[{"embeddable":true,"href":"https:\/\/schaefli.ch\/en\/wp-json\/wp\/v2\/comments?post=1896"}],"version-history":[{"count":2,"href":"https:\/\/schaefli.ch\/en\/wp-json\/wp\/v2\/posts\/1896\/revisions"}],"predecessor-version":[{"id":1900,"href":"https:\/\/schaefli.ch\/en\/wp-json\/wp\/v2\/posts\/1896\/revisions\/1900"}],"wp:featuredmedia":[{"embeddable":true,"href":"https:\/\/schaefli.ch\/en\/wp-json\/wp\/v2\/media\/1897"}],"wp:attachment":[{"href":"https:\/\/schaefli.ch\/en\/wp-json\/wp\/v2\/media?parent=1896"}],"wp:term":[{"taxonomy":"category","embeddable":true,"href":"https:\/\/schaefli.ch\/en\/wp-json\/wp\/v2\/categories?post=1896"},{"taxonomy":"post_tag","embeddable":true,"href":"https:\/\/schaefli.ch\/en\/wp-json\/wp\/v2\/tags?post=1896"}],"curies":[{"name":"wp","href":"https:\/\/api.w.org\/{rel}","templated":true}]}}