{"id":2077,"date":"2019-10-01T06:00:33","date_gmt":"2019-10-01T04:00:33","guid":{"rendered":"https:\/\/schaefli.ch\/?p=2077"},"modified":"2020-11-26T09:11:08","modified_gmt":"2020-11-26T08:11:08","slug":"neubau-unserer-rampe","status":"publish","type":"post","link":"https:\/\/schaefli.ch\/en\/neubau-unserer-rampe\/","title":{"rendered":"New construction of our ramp"},"content":{"rendered":"<p class=\"wp-block-paragraph\">For several years we could rely on our ramp for loading and unloading. However, it was time to buy a new ramp and to adapt it to today's standards. We also extended the ramp and decided to use an ecological solution for construction.<br>In the middle of September 2019 the time had finally come and the demolition of the old ramp had begun. Since our old ramp was made exclusively of wood, this work was easily feasible for our specialist.<br>For our new ramp we decided to use a construction of concrete elements and a wooden scaffold, so that it will withstand forklift trucks, cars and other heavy equipment without any problems. In particular, the ramp section directly in front of our rolling gate was built reinforced with 2 large concrete bases. <br>We have also made some changes to the stairs in front of our main entrance. Since we wanted to extend our new ramp up to the stairs, we had to move the steps by 90 degrees. Now the entrance as well as the first ramp parking place e.g. for the packing material pick-up \/ return is easily accessible for our customers without any further detours. <br>In the next step we calculated and ordered the exact number of wooden beams needed. We also ordered non-slip and weatherproof cover plates for the floor of the ramp. After the foundation was filled with concrete, the wooden beams as well as non-slip and weatherproof cover plates were delivered, the further work could be started. First, all wooden beams had to be shortened to the right length and the exact arrangement had to be determined. After this was done, the beams could first be fixed and then firmly screwed together. Finally, the non-slip and weatherproof cover plates were mounted. <br>Et voil\u00e0 - our new ramp is ready!<br>We hope that our new ramp will support us for many years in loading and unloading all kinds of goods. Hereby we would like to thank you once again for your outstanding work at our company site in Schaffhausen.<\/p>\n\n\n\n<figure class=\"wp-block-gallery columns-3 is-cropped wp-block-gallery-1 is-layout-flex wp-block-gallery-is-layout-flex\"><ul class=\"blocks-gallery-grid\"><li class=\"blocks-gallery-item\"><figure><img fetchpriority=\"high\" decoding=\"async\" width=\"865\" height=\"648\" src=\"https:\/\/schaefli.ch\/wp-content\/uploads\/2020\/11\/Neubau-unserer-Rampe1.jpg\" alt=\"\" data-id=\"2079\" data-full-url=\"https:\/\/schaefli.ch\/wp-content\/uploads\/2020\/11\/Neubau-unserer-Rampe1.jpg\" data-link=\"https:\/\/schaefli.ch\/?attachment_id=2079\" class=\"wp-image-2079\" srcset=\"https:\/\/schaefli.ch\/wp-content\/uploads\/2020\/11\/Neubau-unserer-Rampe1.jpg 865w, https:\/\/schaefli.ch\/wp-content\/uploads\/2020\/11\/Neubau-unserer-Rampe1-300x225.jpg 300w, https:\/\/schaefli.ch\/wp-content\/uploads\/2020\/11\/Neubau-unserer-Rampe1-768x575.jpg 768w, https:\/\/schaefli.ch\/wp-content\/uploads\/2020\/11\/Neubau-unserer-Rampe1-16x12.jpg 16w\" sizes=\"(max-width: 865px) 100vw, 865px\" \/><\/figure><\/li><li class=\"blocks-gallery-item\"><figure><img decoding=\"async\" width=\"824\" height=\"618\" src=\"https:\/\/schaefli.ch\/wp-content\/uploads\/2020\/11\/Neubau-unserer-Rampe2.jpg\" alt=\"\" data-id=\"2080\" data-full-url=\"https:\/\/schaefli.ch\/wp-content\/uploads\/2020\/11\/Neubau-unserer-Rampe2.jpg\" data-link=\"https:\/\/schaefli.ch\/?attachment_id=2080\" class=\"wp-image-2080\" srcset=\"https:\/\/schaefli.ch\/wp-content\/uploads\/2020\/11\/Neubau-unserer-Rampe2.jpg 824w, https:\/\/schaefli.ch\/wp-content\/uploads\/2020\/11\/Neubau-unserer-Rampe2-300x225.jpg 300w, https:\/\/schaefli.ch\/wp-content\/uploads\/2020\/11\/Neubau-unserer-Rampe2-768x576.jpg 768w, https:\/\/schaefli.ch\/wp-content\/uploads\/2020\/11\/Neubau-unserer-Rampe2-16x12.jpg 16w\" sizes=\"(max-width: 824px) 100vw, 824px\" \/><\/figure><\/li><li class=\"blocks-gallery-item\"><figure><img decoding=\"async\" width=\"518\" height=\"691\" src=\"https:\/\/schaefli.ch\/wp-content\/uploads\/2020\/11\/Neubau-unserer-Rampe3-rotated.jpg\" alt=\"\" data-id=\"2081\" data-full-url=\"https:\/\/schaefli.ch\/wp-content\/uploads\/2020\/11\/Neubau-unserer-Rampe3-rotated.jpg\" data-link=\"https:\/\/schaefli.ch\/?attachment_id=2081\" class=\"wp-image-2081\" srcset=\"https:\/\/schaefli.ch\/wp-content\/uploads\/2020\/11\/Neubau-unserer-Rampe3-rotated.jpg 518w, https:\/\/schaefli.ch\/wp-content\/uploads\/2020\/11\/Neubau-unserer-Rampe3-225x300.jpg 225w, https:\/\/schaefli.ch\/wp-content\/uploads\/2020\/11\/Neubau-unserer-Rampe3-9x12.jpg 9w\" sizes=\"(max-width: 518px) 100vw, 518px\" \/><\/figure><\/li><li class=\"blocks-gallery-item\"><figure><img loading=\"lazy\" decoding=\"async\" width=\"652\" height=\"489\" src=\"https:\/\/schaefli.ch\/wp-content\/uploads\/2020\/11\/Neubau-unserer-Rampe4.jpg\" alt=\"\" data-id=\"2082\" data-full-url=\"https:\/\/schaefli.ch\/wp-content\/uploads\/2020\/11\/Neubau-unserer-Rampe4.jpg\" data-link=\"https:\/\/schaefli.ch\/?attachment_id=2082\" class=\"wp-image-2082\" srcset=\"https:\/\/schaefli.ch\/wp-content\/uploads\/2020\/11\/Neubau-unserer-Rampe4.jpg 652w, https:\/\/schaefli.ch\/wp-content\/uploads\/2020\/11\/Neubau-unserer-Rampe4-300x225.jpg 300w, https:\/\/schaefli.ch\/wp-content\/uploads\/2020\/11\/Neubau-unserer-Rampe4-16x12.jpg 16w\" sizes=\"(max-width: 652px) 100vw, 652px\" \/><\/figure><\/li><li class=\"blocks-gallery-item\"><figure><img loading=\"lazy\" decoding=\"async\" width=\"812\" height=\"609\" src=\"https:\/\/schaefli.ch\/wp-content\/uploads\/2020\/11\/Neubau-unserer-Rampe5-1.jpg\" alt=\"\" data-id=\"2083\" data-full-url=\"https:\/\/schaefli.ch\/wp-content\/uploads\/2020\/11\/Neubau-unserer-Rampe5-1.jpg\" data-link=\"https:\/\/schaefli.ch\/?attachment_id=2083\" class=\"wp-image-2083\" srcset=\"https:\/\/schaefli.ch\/wp-content\/uploads\/2020\/11\/Neubau-unserer-Rampe5-1.jpg 812w, https:\/\/schaefli.ch\/wp-content\/uploads\/2020\/11\/Neubau-unserer-Rampe5-1-300x225.jpg 300w, https:\/\/schaefli.ch\/wp-content\/uploads\/2020\/11\/Neubau-unserer-Rampe5-1-768x576.jpg 768w, https:\/\/schaefli.ch\/wp-content\/uploads\/2020\/11\/Neubau-unserer-Rampe5-1-16x12.jpg 16w\" sizes=\"(max-width: 812px) 100vw, 812px\" \/><\/figure><\/li><\/ul><\/figure>","protected":false},"excerpt":{"rendered":"<p>\u00dcber mehrere Jahre konnten wir uns auf unsere Rampe beim Be- sowie Entlad verlassen. Jedoch wurde es langsam Zeit, uns eine neue Rampe zuzulegen und den heutigen Standards anzupassen. Ausserdem haben wir die Rampe verl\u00e4ngert und uns f\u00fcr eine \u00f6kologische L\u00f6sung beim Bau entschieden.Mitte September 2019 war es schliesslich soweit und der Abbruch der alten [&hellip;]<\/p>\n","protected":false},"author":3,"featured_media":2078,"comment_status":"open","ping_status":"open","sticky":false,"template":"","format":"standard","meta":{"footnotes":""},"categories":[9],"tags":[],"class_list":["post-2077","post","type-post","status-publish","format-standard","has-post-thumbnail","hentry","category-new"],"_links":{"self":[{"href":"https:\/\/schaefli.ch\/en\/wp-json\/wp\/v2\/posts\/2077","targetHints":{"allow":["GET"]}}],"collection":[{"href":"https:\/\/schaefli.ch\/en\/wp-json\/wp\/v2\/posts"}],"about":[{"href":"https:\/\/schaefli.ch\/en\/wp-json\/wp\/v2\/types\/post"}],"author":[{"embeddable":true,"href":"https:\/\/schaefli.ch\/en\/wp-json\/wp\/v2\/users\/3"}],"replies":[{"embeddable":true,"href":"https:\/\/schaefli.ch\/en\/wp-json\/wp\/v2\/comments?post=2077"}],"version-history":[{"count":1,"href":"https:\/\/schaefli.ch\/en\/wp-json\/wp\/v2\/posts\/2077\/revisions"}],"predecessor-version":[{"id":2084,"href":"https:\/\/schaefli.ch\/en\/wp-json\/wp\/v2\/posts\/2077\/revisions\/2084"}],"wp:featuredmedia":[{"embeddable":true,"href":"https:\/\/schaefli.ch\/en\/wp-json\/wp\/v2\/media\/2078"}],"wp:attachment":[{"href":"https:\/\/schaefli.ch\/en\/wp-json\/wp\/v2\/media?parent=2077"}],"wp:term":[{"taxonomy":"category","embeddable":true,"href":"https:\/\/schaefli.ch\/en\/wp-json\/wp\/v2\/categories?post=2077"},{"taxonomy":"post_tag","embeddable":true,"href":"https:\/\/schaefli.ch\/en\/wp-json\/wp\/v2\/tags?post=2077"}],"curies":[{"name":"wp","href":"https:\/\/api.w.org\/{rel}","templated":true}]}}