{"id":2402,"date":"2021-08-20T10:00:00","date_gmt":"2021-08-20T08:00:00","guid":{"rendered":"https:\/\/schaefli.ch\/?p=2402"},"modified":"2022-01-19T15:14:15","modified_gmt":"2022-01-19T14:14:15","slug":"schaffhauser-tischmesse-2021","status":"publish","type":"post","link":"https:\/\/schaefli.ch\/en\/schaffhauser-tischmesse-2021\/","title":{"rendered":"Table Fair of Schaffhausen 2021"},"content":{"rendered":"<p class=\"wp-block-paragraph\">This year the 12th Schaffhausen Table Fair took place in the IWC Arena, where we had the opportunity to present our moving and transport company together with many other interesting exhibitors.<br>At our well-visited stand, our Managing Director Viktor H\u00fcmbeli and our KV apprentice Mich\u00e8le Pohl were on site and were able to provide information to interested trade fair visitors and exhibitors, exchange ideas and make many new contacts. It was also very exciting for us to visit the stands of the other exhibitors.<br>We thank all visitors for their interest, the great conversations and we are looking forward to more tabletop fairs in the future.<\/p>","protected":false},"excerpt":{"rendered":"<p>In der IWC Arena fand dieses Jahr die 12. Schaffhauser Tischmesse statt, bei welcher wir zusammen mit vielen anderen interessanten Ausstellern unsere Umzugs- und Transportfirma pr\u00e4sentieren durften.An unserem gut besuchten Stand waren unser Gesch\u00e4ftsf\u00fchrer Viktor H\u00fcmbeli und unsere KV-Lernende Mich\u00e8le Pohl vor Ort und konnten den interessierten Messebesuchern und Ausstellern Auskunft erteilen, sich austauschen und [&hellip;]<\/p>\n","protected":false},"author":3,"featured_media":2401,"comment_status":"open","ping_status":"open","sticky":false,"template":"","format":"standard","meta":{"footnotes":""},"categories":[9],"tags":[],"class_list":["post-2402","post","type-post","status-publish","format-standard","has-post-thumbnail","hentry","category-new"],"_links":{"self":[{"href":"https:\/\/schaefli.ch\/en\/wp-json\/wp\/v2\/posts\/2402","targetHints":{"allow":["GET"]}}],"collection":[{"href":"https:\/\/schaefli.ch\/en\/wp-json\/wp\/v2\/posts"}],"about":[{"href":"https:\/\/schaefli.ch\/en\/wp-json\/wp\/v2\/types\/post"}],"author":[{"embeddable":true,"href":"https:\/\/schaefli.ch\/en\/wp-json\/wp\/v2\/users\/3"}],"replies":[{"embeddable":true,"href":"https:\/\/schaefli.ch\/en\/wp-json\/wp\/v2\/comments?post=2402"}],"version-history":[{"count":2,"href":"https:\/\/schaefli.ch\/en\/wp-json\/wp\/v2\/posts\/2402\/revisions"}],"predecessor-version":[{"id":2404,"href":"https:\/\/schaefli.ch\/en\/wp-json\/wp\/v2\/posts\/2402\/revisions\/2404"}],"wp:featuredmedia":[{"embeddable":true,"href":"https:\/\/schaefli.ch\/en\/wp-json\/wp\/v2\/media\/2401"}],"wp:attachment":[{"href":"https:\/\/schaefli.ch\/en\/wp-json\/wp\/v2\/media?parent=2402"}],"wp:term":[{"taxonomy":"category","embeddable":true,"href":"https:\/\/schaefli.ch\/en\/wp-json\/wp\/v2\/categories?post=2402"},{"taxonomy":"post_tag","embeddable":true,"href":"https:\/\/schaefli.ch\/en\/wp-json\/wp\/v2\/tags?post=2402"}],"curies":[{"name":"wp","href":"https:\/\/api.w.org\/{rel}","templated":true}]}}