{"id":2412,"date":"2021-12-10T08:00:00","date_gmt":"2021-12-10T07:00:00","guid":{"rendered":"https:\/\/schaefli.ch\/?p=2412"},"modified":"2022-01-24T11:02:05","modified_gmt":"2022-01-24T10:02:05","slug":"bericht-des-agvs-jubilaeum-berufspruefung-automobildiagnostiker-innen","status":"publish","type":"post","link":"https:\/\/schaefli.ch\/en\/bericht-des-agvs-jubilaeum-berufspruefung-automobildiagnostiker-innen\/","title":{"rendered":"Report of the AGVS: Anniversary of the professional examination for automotive diagnosticians"},"content":{"rendered":"<p class=\"wp-block-paragraph\">We are proud of our automotive mechatronics technician Marco Platter, who is currently undergoing further training to become an automotive diagnostics technician EFA, and congratulate him on having already passed the module exams!<br>As a specialist with excellent technical knowledge, he was photographed and documented for the report of the AGVS (Auto Gewerbe Verband Schweiz) on the occasion of the 200th anniversary of the professional examinations during one of the practical tests while troubleshooting.<br>Read more about it in the report of the AGVS: <a href=\"https:\/\/www.agvs-upsa.ch\/de\/news\/ein-jubilaeum-der-besonderen-art\" target=\"_blank\" rel=\"noopener\">https:\/\/www.agvs-upsa.ch\/de\/news\/ein-jubilaeum-der-besonderen-art<\/a><\/p>","protected":false},"excerpt":{"rendered":"<p>Wir sind stolz auf unseren Automobilmechatroniker Marco Platter, der sich in der Weiterbildung zum Automobildiagnostiker EFA befindet und gratulieren ihm zu den bereits bestandenen Modulpr\u00fcfungen!Als Fachmann mit ausgezeichnetem technischem Fachwissen wurde er anl\u00e4sslich des 200. Jubil\u00e4um der Berufspr\u00fcfungen w\u00e4hrend einer der praktischen Pr\u00fcfungen bei der Fehlersuche f\u00fcr den Bericht des AGVS (Auto Gewerbe Verband Schweiz) [&hellip;]<\/p>\n","protected":false},"author":3,"featured_media":2411,"comment_status":"open","ping_status":"open","sticky":false,"template":"","format":"standard","meta":{"footnotes":""},"categories":[9],"tags":[],"class_list":["post-2412","post","type-post","status-publish","format-standard","has-post-thumbnail","hentry","category-new"],"_links":{"self":[{"href":"https:\/\/schaefli.ch\/en\/wp-json\/wp\/v2\/posts\/2412","targetHints":{"allow":["GET"]}}],"collection":[{"href":"https:\/\/schaefli.ch\/en\/wp-json\/wp\/v2\/posts"}],"about":[{"href":"https:\/\/schaefli.ch\/en\/wp-json\/wp\/v2\/types\/post"}],"author":[{"embeddable":true,"href":"https:\/\/schaefli.ch\/en\/wp-json\/wp\/v2\/users\/3"}],"replies":[{"embeddable":true,"href":"https:\/\/schaefli.ch\/en\/wp-json\/wp\/v2\/comments?post=2412"}],"version-history":[{"count":1,"href":"https:\/\/schaefli.ch\/en\/wp-json\/wp\/v2\/posts\/2412\/revisions"}],"predecessor-version":[{"id":2413,"href":"https:\/\/schaefli.ch\/en\/wp-json\/wp\/v2\/posts\/2412\/revisions\/2413"}],"wp:featuredmedia":[{"embeddable":true,"href":"https:\/\/schaefli.ch\/en\/wp-json\/wp\/v2\/media\/2411"}],"wp:attachment":[{"href":"https:\/\/schaefli.ch\/en\/wp-json\/wp\/v2\/media?parent=2412"}],"wp:term":[{"taxonomy":"category","embeddable":true,"href":"https:\/\/schaefli.ch\/en\/wp-json\/wp\/v2\/categories?post=2412"},{"taxonomy":"post_tag","embeddable":true,"href":"https:\/\/schaefli.ch\/en\/wp-json\/wp\/v2\/tags?post=2412"}],"curies":[{"name":"wp","href":"https:\/\/api.w.org\/{rel}","templated":true}]}}