{"id":460,"date":"2017-04-27T10:00:00","date_gmt":"2017-04-27T10:00:00","guid":{"rendered":"https:\/\/www.schaefli.juno.preview-ch-dns.net\/?p=460"},"modified":"2020-10-14T15:31:14","modified_gmt":"2020-10-14T13:31:14","slug":"container-transport-burkina-faso","status":"publish","type":"post","link":"https:\/\/schaefli.ch\/en\/container-transport-burkina-faso\/","title":{"rendered":"Container-transport Burkina Faso"},"content":{"rendered":"<p class=\"wp-block-paragraph\">In cooperation with the make-up bar owner Bea Petri we have supported an aid program for Burkina Faso.<\/p>\n\n\n\n<p class=\"wp-block-paragraph\">Burkina Faso is one of the poorest countries in the world, the area of the country is about seven times that of Switzerland. The country has a population of 13.7 million people, the unemployment rate is about 60% and the literacy rate is about 30%.<\/p>\n\n\n\n<p class=\"wp-block-paragraph\">Burkina Faso is considered the center of African film-making. Every two years the city of Ouagadougou hosts the largest film festival in Africa under the name FESPACO.<\/p>\n\n\n\n<p class=\"wp-block-paragraph\">Since 2001, a professional tailoring school under the name \"NAS MODE\" has been run by Safi Ouattara Diallo, who has also made a name for herself as a costume designer for theater, film and TV productions. However, there was almost no knowledge of make-up or cosmetics. She was provided with the existing rooms of the principal Safi Ouattara Diallo, but it soon became clear that the rooms provided were unsuitable and above all too small. Mrs. Bea Petri therefore had a neighboring property renovated with her own funds.<\/p>\n\n\n\n<p class=\"wp-block-paragraph\">Mrs. Bea Petri has the task to teach the tailors with simple means in the subjects cosmetics and mask design. All necessary materials had to be imported and were financed by Bea Petri.<\/p>\n\n\n\n<p class=\"wp-block-paragraph\">Already after the first training course under the direction of Bea Petri one could shoot a commercial spot, this was a good advertisement for the school. \"NAS MODE\" offers a simple care program for the population and therefore helps to generate modest income.<\/p>\n\n\n\n<p class=\"wp-block-paragraph\">Our help came about through the personal friendship of Mrs. Beatrice Sch\u00e4fli and Mrs. Bea Petri. To support this project is an honor for us.<\/p>\n\n\n\n<p class=\"wp-block-paragraph\">At \"NAS MODE\" it is clearly regulated that all donations and aid projects arrive directly and completely where they are needed. We have taken over the packing work, the collection of the items and the container loading. The container was transported from our warehouse in Schaffhausen to a warehouse by sea freight via Antwerp, Abidjan to Ouagadougou, Burkina Faso.<\/p>\n\n\n\n<figure class=\"wp-block-gallery columns-3 is-cropped wp-block-gallery-1 is-layout-flex wp-block-gallery-is-layout-flex\"><ul class=\"blocks-gallery-grid\"><li class=\"blocks-gallery-item\"><figure><a href=\"https:\/\/www.schaefli.ch\/wp-content\/uploads\/2020\/07\/Container-Transport-Burkina-Faso_5.jpg\"><img fetchpriority=\"high\" decoding=\"async\" width=\"800\" height=\"533\" src=\"https:\/\/www.schaefli.ch\/wp-content\/uploads\/2020\/07\/Container-Transport-Burkina-Faso_5.jpg\" alt=\"\" data-id=\"809\" data-full-url=\"https:\/\/www.schaefli.ch\/wp-content\/uploads\/2020\/07\/Container-Transport-Burkina-Faso_5.jpg\" data-link=\"https:\/\/www.schaefli.ch\/beispielbeitrag-no-2\/container-transport-burkina-faso_5\/\" class=\"wp-image-809\" srcset=\"https:\/\/schaefli.ch\/wp-content\/uploads\/2020\/07\/Container-Transport-Burkina-Faso_5.jpg 800w, https:\/\/schaefli.ch\/wp-content\/uploads\/2020\/07\/Container-Transport-Burkina-Faso_5-300x200.jpg 300w, https:\/\/schaefli.ch\/wp-content\/uploads\/2020\/07\/Container-Transport-Burkina-Faso_5-768x512.jpg 768w\" sizes=\"(max-width: 800px) 100vw, 800px\" \/><\/a><\/figure><\/li><li class=\"blocks-gallery-item\"><figure><a href=\"https:\/\/www.schaefli.ch\/wp-content\/uploads\/2020\/07\/Container-Transport-Burkina-Faso_1.jpg\"><img decoding=\"async\" width=\"400\" height=\"600\" src=\"https:\/\/www.schaefli.ch\/wp-content\/uploads\/2020\/07\/Container-Transport-Burkina-Faso_1.jpg\" alt=\"\" data-id=\"810\" data-full-url=\"https:\/\/www.schaefli.ch\/wp-content\/uploads\/2020\/07\/Container-Transport-Burkina-Faso_1.jpg\" data-link=\"https:\/\/www.schaefli.ch\/beispielbeitrag-no-2\/container-transport-burkina-faso_1\/\" class=\"wp-image-810\" srcset=\"https:\/\/schaefli.ch\/wp-content\/uploads\/2020\/07\/Container-Transport-Burkina-Faso_1.jpg 400w, https:\/\/schaefli.ch\/wp-content\/uploads\/2020\/07\/Container-Transport-Burkina-Faso_1-200x300.jpg 200w\" sizes=\"(max-width: 400px) 100vw, 400px\" \/><\/a><\/figure><\/li><li class=\"blocks-gallery-item\"><figure><a href=\"https:\/\/www.schaefli.ch\/wp-content\/uploads\/2020\/07\/Container-Transport-Burkina-Faso_2.jpg\"><img decoding=\"async\" width=\"400\" height=\"600\" src=\"https:\/\/www.schaefli.ch\/wp-content\/uploads\/2020\/07\/Container-Transport-Burkina-Faso_2.jpg\" alt=\"\" data-id=\"811\" data-full-url=\"https:\/\/www.schaefli.ch\/wp-content\/uploads\/2020\/07\/Container-Transport-Burkina-Faso_2.jpg\" data-link=\"https:\/\/www.schaefli.ch\/beispielbeitrag-no-2\/container-transport-burkina-faso_2\/\" class=\"wp-image-811\" srcset=\"https:\/\/schaefli.ch\/wp-content\/uploads\/2020\/07\/Container-Transport-Burkina-Faso_2.jpg 400w, https:\/\/schaefli.ch\/wp-content\/uploads\/2020\/07\/Container-Transport-Burkina-Faso_2-200x300.jpg 200w\" sizes=\"(max-width: 400px) 100vw, 400px\" \/><\/a><\/figure><\/li><li class=\"blocks-gallery-item\"><figure><a href=\"https:\/\/www.schaefli.ch\/wp-content\/uploads\/2020\/07\/Container-Transport-Burkina-Faso_3.jpg\"><img loading=\"lazy\" decoding=\"async\" width=\"400\" height=\"600\" src=\"https:\/\/www.schaefli.ch\/wp-content\/uploads\/2020\/07\/Container-Transport-Burkina-Faso_3.jpg\" alt=\"\" data-id=\"812\" data-full-url=\"https:\/\/www.schaefli.ch\/wp-content\/uploads\/2020\/07\/Container-Transport-Burkina-Faso_3.jpg\" data-link=\"https:\/\/www.schaefli.ch\/beispielbeitrag-no-2\/container-transport-burkina-faso_3\/\" class=\"wp-image-812\" srcset=\"https:\/\/schaefli.ch\/wp-content\/uploads\/2020\/07\/Container-Transport-Burkina-Faso_3.jpg 400w, https:\/\/schaefli.ch\/wp-content\/uploads\/2020\/07\/Container-Transport-Burkina-Faso_3-200x300.jpg 200w\" sizes=\"(max-width: 400px) 100vw, 400px\" \/><\/a><\/figure><\/li><li class=\"blocks-gallery-item\"><figure><a href=\"https:\/\/www.schaefli.ch\/wp-content\/uploads\/2020\/07\/Container-Transport-Burkina-Faso_4.jpg\"><img loading=\"lazy\" decoding=\"async\" width=\"400\" height=\"600\" src=\"https:\/\/www.schaefli.ch\/wp-content\/uploads\/2020\/07\/Container-Transport-Burkina-Faso_4.jpg\" alt=\"\" data-id=\"813\" data-full-url=\"https:\/\/www.schaefli.ch\/wp-content\/uploads\/2020\/07\/Container-Transport-Burkina-Faso_4.jpg\" data-link=\"https:\/\/www.schaefli.ch\/beispielbeitrag-no-2\/container-transport-burkina-faso_4\/\" class=\"wp-image-813\" srcset=\"https:\/\/schaefli.ch\/wp-content\/uploads\/2020\/07\/Container-Transport-Burkina-Faso_4.jpg 400w, https:\/\/schaefli.ch\/wp-content\/uploads\/2020\/07\/Container-Transport-Burkina-Faso_4-200x300.jpg 200w\" sizes=\"(max-width: 400px) 100vw, 400px\" \/><\/a><\/figure><\/li><\/ul><\/figure>","protected":false},"excerpt":{"rendered":"<p>In Zusammenarbeit mit der Schmink-Bar Besitzerin Bea Petri haben wir ein Hilfsprogramm f\u00fcr Burkina Faso unterst\u00fctzt. Burkina Faso ist eines der \u00e4rmsten L\u00e4nder unserer Welt, die Fl\u00e4che des Landes entspricht ca. siebenmal die der Schweiz. Auf der Fl\u00e4che verteilt sich eine Bev\u00f6lkerung von 13.7 Millionen Menschen, die Arbeitslosenrate liegt bei rund 60% und das Alphabetisierungsgrad [&hellip;]<\/p>\n","protected":false},"author":3,"featured_media":809,"comment_status":"open","ping_status":"open","sticky":false,"template":"","format":"standard","meta":{"footnotes":""},"categories":[10],"tags":[],"class_list":["post-460","post","type-post","status-publish","format-standard","has-post-thumbnail","hentry","category-umzugsblog"],"_links":{"self":[{"href":"https:\/\/schaefli.ch\/en\/wp-json\/wp\/v2\/posts\/460","targetHints":{"allow":["GET"]}}],"collection":[{"href":"https:\/\/schaefli.ch\/en\/wp-json\/wp\/v2\/posts"}],"about":[{"href":"https:\/\/schaefli.ch\/en\/wp-json\/wp\/v2\/types\/post"}],"author":[{"embeddable":true,"href":"https:\/\/schaefli.ch\/en\/wp-json\/wp\/v2\/users\/3"}],"replies":[{"embeddable":true,"href":"https:\/\/schaefli.ch\/en\/wp-json\/wp\/v2\/comments?post=460"}],"version-history":[{"count":5,"href":"https:\/\/schaefli.ch\/en\/wp-json\/wp\/v2\/posts\/460\/revisions"}],"predecessor-version":[{"id":1744,"href":"https:\/\/schaefli.ch\/en\/wp-json\/wp\/v2\/posts\/460\/revisions\/1744"}],"wp:featuredmedia":[{"embeddable":true,"href":"https:\/\/schaefli.ch\/en\/wp-json\/wp\/v2\/media\/809"}],"wp:attachment":[{"href":"https:\/\/schaefli.ch\/en\/wp-json\/wp\/v2\/media?parent=460"}],"wp:term":[{"taxonomy":"category","embeddable":true,"href":"https:\/\/schaefli.ch\/en\/wp-json\/wp\/v2\/categories?post=460"},{"taxonomy":"post_tag","embeddable":true,"href":"https:\/\/schaefli.ch\/en\/wp-json\/wp\/v2\/tags?post=460"}],"curies":[{"name":"wp","href":"https:\/\/api.w.org\/{rel}","templated":true}]}}